{"id":136,"date":"2024-09-25T14:31:38","date_gmt":"2024-09-25T14:31:38","guid":{"rendered":"https:\/\/hireme.com.pl\/?p=136"},"modified":"2024-09-25T14:31:38","modified_gmt":"2024-09-25T14:31:38","slug":"trendy-w-meblach-do-salonu-na-rok-2025","status":"publish","type":"post","link":"https:\/\/hireme.com.pl\/index.php\/2024\/trendy-w-meblach-do-salonu-na-rok-2025\/","title":{"rendered":"Trendy w meblach do salonu na rok 2025"},"content":{"rendered":"\n<p>Wyobra\u017a sobie miejsce, kt\u00f3re jest twoj\u0105 prywatn\u0105 przystani\u0105. Miejsce, w kt\u00f3rym mo\u017cesz zrelaksowa\u0107 si\u0119 po ci\u0119\u017ckim dniu, sp\u0119dzi\u0107 czas z bliskimi lub cieszy\u0107 si\u0119 ulubionym hobby. Takim miejscem jest salon &#8211; serce ka\u017cdego domu. A co sprawia, \u017ce salon staje si\u0119 tak wyj\u0105tkowy? Oczywi\u015bcie meble! To one nadaj\u0105 charakter i styl pomieszczeniu. Ale jakie s\u0105 najnowsze trendy w meblach do salonu na rok 2025? Czy s\u0105 to minimalistyczne formy czy mo\u017ce powr\u00f3t do klasyki? A mo\u017ce trendem b\u0119dzie eklektyzm i mieszanie r\u00f3\u017cnych styl\u00f3w?<\/p>\n\n\n\n<p>Odpowied\u017a na te pytania znajduje si\u0119 poni\u017cej. Zosta\u0142a ona przygotowana na podstawie analizy aktualnych trend\u00f3w w meblach oraz prognoz na przysz\u0142o\u015b\u0107. Przygotujcie si\u0119 wiec na podr\u00f3\u017c do \u015bwiata designu wn\u0119trz, pe\u0142nego innowacji i niekonwencjonalnych rozwi\u0105za\u0144.<\/p>\n\n\n\n<h2 class=\"wp-block-heading\">Natur\u0119 wprowad\u017a do domu<\/h2>\n\n\n\n<p>Trendy w meblach do salonu na rok 2025 sugeruj\u0105, \u017ce natura b\u0119dzie mia\u0142a coraz wi\u0119kszy wp\u0142yw na projektowanie wn\u0119trz. Coraz wi\u0119cej os\u00f3b docenia naturalne materia\u0142y takie jak drewno, kamie\u0144 czy sk\u00f3ra. Meble wykonane z tych surowc\u00f3w nie tylko pi\u0119knie prezentuj\u0105 si\u0119 w salonie, ale tak\u017ce s\u0105 trwa\u0142e i \u0142atwe w utrzymaniu. Ponadto, naturalne materia\u0142y dodaj\u0105 wn\u0119trzom ciep\u0142a i przytulno\u015bci, czyni\u0105c je bardziej przyjaznymi dla mieszka\u0144c\u00f3w.<\/p>\n\n\n\n<p>W\u015br\u00f3d trend\u00f3w na rok 2025 warto zwr\u00f3ci\u0107 uwag\u0119 na meble wykonane z recyklingowanego drewna. S\u0105 one nie tylko ekologiczne, ale r\u00f3wnie\u017c maj\u0105 unikalny charakter. Ka\u017cdy kawa\u0142ek drewna ma swoj\u0105 histori\u0119, kt\u00f3ra jest widoczna w s\u0119kach, p\u0119kni\u0119ciach czy odcieniach. Dzi\u0119ki temu meble te s\u0105 prawdziwymi dzie\u0142ami sztuki. Warto zwr\u00f3ci\u0107 uwag\u0119 na <a href=\"https:\/\/www.swiatmebli.pl\/\">brw meble do salonu<\/a>, kt\u00f3re oferuj\u0105 szeroki wyb\u00f3r mebli wykonanych z recyklingowanego drewna.<\/p>\n\n\n\n<h2 class=\"wp-block-heading\">Minimalizm kontra eklektyzm<\/h2>\n\n\n\n<p>Je\u015bli chodzi o style dominuj\u0105ce w trendach w meblach do salonu na rok 2025, to mo\u017cemy m\u00f3wi\u0107 o dw\u00f3ch skrajno\u015bciach: minimalizmie i eklektyzmie. Z jednej strony mamy prostot\u0119 formy, surowo\u015b\u0107 materia\u0142\u00f3w i ograniczon\u0105 palet\u0119 barw charakterystyczn\u0105 dla stylu minimalistycznego. Z drugiej strony mamy bogactwo wzor\u00f3w, kolor\u00f3w i tekstur typowe dla stylu eklektycznego.<\/p>\n\n\n\n<p>Wyb\u00f3r pomi\u0119dzy tymi dwoma trendami zale\u017cy g\u0142\u00f3wnie od osobistych preferencji. Dla jednych idealnym rozwi\u0105zaniem b\u0119dzie minimalistyczny salon, w kt\u00f3rym dominuje biel, szaro\u015bci i naturalne materia\u0142y. Inni natomiast b\u0119d\u0105 czuli si\u0119 najlepiej w salonie pe\u0142nym kolor\u00f3w, wzor\u00f3w i r\u00f3\u017cnorodnych tekstur. Bez wzgl\u0119du na wybrany styl, wa\u017cne jest aby meble by\u0142y funkcjonalne i dopasowane do potrzeb domownik\u00f3w.<\/p>\n\n\n\n<h2 class=\"wp-block-heading\">Minimalizm i funkcjonalno\u015b\u0107 przede wszystkim<\/h2>\n\n\n\n<p>Obserwuj\u0105c trendy w meblach na rok 2025, nie spos\u00f3b pomin\u0105\u0107 coraz wi\u0119kszego zainteresowania konsument\u00f3w stylem minimalistycznym. Proste formy, stonowane kolory i brak zb\u0119dnych ozd\u00f3b to cechy charakterystyczne dla tego trendu. Czy jednak minimalizm oznacza rezygnacj\u0119 z wygody? Nic bardziej mylnego! W dobie technologicznego post\u0119pu, producenci mebli coraz cz\u0119\u015bciej wprowadzaj\u0105 rozwi\u0105zania, kt\u00f3re \u0142\u0105cz\u0105 estetyk\u0119 z funkcjonalno\u015bci\u0105. Szafki z ukrytymi szufladami, p\u00f3\u0142ki zamaskowane jako elementy dekoracyjne czy sofy zdolne zmieni\u0107 swoje przeznaczenie w ci\u0105gu kilku sekund &#8211; to tylko nieliczne przyk\u0142ady na to, jak innowacje technologiczne wp\u0142ywaj\u0105 na trendy w meblach.<\/p>\n\n\n\n<p>Zako\u0144czmy wi\u0119c nasz\u0105 podr\u00f3\u017c po trendach w meblach do salonu na rok 2025. Odkryli\u015bmy, \u017ce natura jest inspiracj\u0105 dla wielu projektant\u00f3w i producent\u00f3w mebli, a minimalizm i funkcjonalno\u015b\u0107 staj\u0105 si\u0119 kluczowymi aspektami nowoczesnego designu wn\u0119trz. Ciekawe co przyniesie kolejny rok? Jedno jest pewne &#8211; \u015bwiat designu nigdy nie przestaje nas zaskakiwa\u0107!<\/p>\n","protected":false},"excerpt":{"rendered":"<p>Wyobra\u017a sobie miejsce, kt\u00f3re jest twoj\u0105 prywatn\u0105 przystani\u0105. Miejsce, w kt\u00f3rym mo\u017cesz zrelaksowa\u0107 si\u0119 po ci\u0119\u017ckim dniu, sp\u0119dzi\u0107 czas z bliskimi lub cieszy\u0107 si\u0119 ulubionym hobby. Takim miejscem jest salon &#8211; serce ka\u017cdego domu. A co sprawia, \u017ce salon staje si\u0119 tak wyj\u0105tkowy? Oczywi\u015bcie meble! To one nadaj\u0105 charakter i styl pomieszczeniu. Ale jakie s\u0105 [&hellip;]<\/p>\n","protected":false},"author":1,"featured_media":138,"comment_status":"open","ping_status":"open","sticky":false,"template":"","format":"standard","meta":{"footnotes":""},"categories":[2],"tags":[],"class_list":["post-136","post","type-post","status-publish","format-standard","has-post-thumbnail","hentry","category-wnetrze"],"_links":{"self":[{"href":"https:\/\/hireme.com.pl\/index.php\/wp-json\/wp\/v2\/posts\/136","targetHints":{"allow":["GET"]}}],"collection":[{"href":"https:\/\/hireme.com.pl\/index.php\/wp-json\/wp\/v2\/posts"}],"about":[{"href":"https:\/\/hireme.com.pl\/index.php\/wp-json\/wp\/v2\/types\/post"}],"author":[{"embeddable":true,"href":"https:\/\/hireme.com.pl\/index.php\/wp-json\/wp\/v2\/users\/1"}],"replies":[{"embeddable":true,"href":"https:\/\/hireme.com.pl\/index.php\/wp-json\/wp\/v2\/comments?post=136"}],"version-history":[{"count":1,"href":"https:\/\/hireme.com.pl\/index.php\/wp-json\/wp\/v2\/posts\/136\/revisions"}],"predecessor-version":[{"id":139,"href":"https:\/\/hireme.com.pl\/index.php\/wp-json\/wp\/v2\/posts\/136\/revisions\/139"}],"wp:featuredmedia":[{"embeddable":true,"href":"https:\/\/hireme.com.pl\/index.php\/wp-json\/wp\/v2\/media\/138"}],"wp:attachment":[{"href":"https:\/\/hireme.com.pl\/index.php\/wp-json\/wp\/v2\/media?parent=136"}],"wp:term":[{"taxonomy":"category","embeddable":true,"href":"https:\/\/hireme.com.pl\/index.php\/wp-json\/wp\/v2\/categories?post=136"},{"taxonomy":"post_tag","embeddable":true,"href":"https:\/\/hireme.com.pl\/index.php\/wp-json\/wp\/v2\/tags?post=136"}],"curies":[{"name":"wp","href":"https:\/\/api.w.org\/{rel}","templated":true}]}}